{"id":7482,"date":"2023-09-22T09:41:58","date_gmt":"2023-09-22T07:41:58","guid":{"rendered":"https:\/\/forster-unternehmensgruppe.de\/2023\/09\/22\/zavod-na-vyrobu-drevovlaknitych-izolacnich-desek\/"},"modified":"2024-11-15T14:22:30","modified_gmt":"2024-11-15T13:22:30","slug":"zavod-na-vyrobu-drevovlaknitych-izolacnich-desek","status":"publish","type":"post","link":"https:\/\/forster-unternehmensgruppe.de\/cs\/zavod-na-vyrobu-drevovlaknitych-izolacnich-desek\/","title":{"rendered":"Z\u00c1VOD NA V\u00ddROBU D\u0158EVOVL\u00c1KNIT\u00ddCH IZOLA\u010cN\u00cdCH DESEK"},"content":{"rendered":"\t\t<div data-elementor-type=\"wp-post\" data-elementor-id=\"7482\" class=\"elementor elementor-7482 elementor-6226\" data-elementor-post-type=\"post\">\n\t\t\t\t\t\t<section class=\"elementor-section elementor-top-section elementor-element elementor-element-5e23a77 elementor-section-boxed elementor-section-height-default elementor-section-height-default\" data-id=\"5e23a77\" data-element_type=\"section\" data-e-type=\"section\">\n\t\t\t\t\t\t<div class=\"elementor-container elementor-column-gap-default\">\n\t\t\t\t\t<div class=\"elementor-column elementor-col-100 elementor-top-column elementor-element elementor-element-7e1cb42\" data-id=\"7e1cb42\" data-element_type=\"column\" data-e-type=\"column\">\n\t\t\t<div class=\"elementor-widget-wrap elementor-element-populated\">\n\t\t\t\t\t\t<div class=\"elementor-element elementor-element-b1220df elementor-widget elementor-widget-heading\" data-id=\"b1220df\" data-element_type=\"widget\" data-e-type=\"widget\" data-widget_type=\"heading.default\">\n\t\t\t\t<div class=\"elementor-widget-container\">\n\t\t\t\t\t<h2 class=\"elementor-heading-title elementor-size-default\">Z\u00c1VOD NA V\u00ddROBU D\u0158EVOVL\u00c1KNIT\u00ddCH IZOLA\u010cN\u00cdCH DESEK<\/h2>\t\t\t\t<\/div>\n\t\t\t\t<\/div>\n\t\t\t\t<div class=\"elementor-element elementor-element-c3efbe1 elementor-widget-divider--view-line elementor-widget elementor-widget-divider\" data-id=\"c3efbe1\" data-element_type=\"widget\" data-e-type=\"widget\" data-widget_type=\"divider.default\">\n\t\t\t\t<div class=\"elementor-widget-container\">\n\t\t\t\t\t\t\t<div class=\"elementor-divider\">\n\t\t\t<span class=\"elementor-divider-separator\">\n\t\t\t\t\t\t<\/span>\n\t\t<\/div>\n\t\t\t\t\t\t<\/div>\n\t\t\t\t<\/div>\n\t\t\t\t\t<\/div>\n\t\t<\/div>\n\t\t\t\t\t<\/div>\n\t\t<\/section>\n\t\t\t\t<section class=\"elementor-section elementor-top-section elementor-element elementor-element-bf9398e elementor-section-boxed elementor-section-height-default elementor-section-height-default\" data-id=\"bf9398e\" data-element_type=\"section\" data-e-type=\"section\">\n\t\t\t\t\t\t<div class=\"elementor-container elementor-column-gap-default\">\n\t\t\t\t\t<div class=\"elementor-column elementor-col-100 elementor-top-column elementor-element elementor-element-6eac7f9\" data-id=\"6eac7f9\" data-element_type=\"column\" data-e-type=\"column\">\n\t\t\t<div class=\"elementor-widget-wrap elementor-element-populated\">\n\t\t\t\t\t\t<div class=\"elementor-element elementor-element-f3e9334 elementor-widget elementor-widget-gallery\" data-id=\"f3e9334\" data-element_type=\"widget\" data-e-type=\"widget\" data-settings=\"{&quot;columns&quot;:2,&quot;aspect_ratio&quot;:&quot;1:1&quot;,&quot;lazyload&quot;:&quot;yes&quot;,&quot;gallery_layout&quot;:&quot;grid&quot;,&quot;columns_tablet&quot;:2,&quot;columns_mobile&quot;:1,&quot;gap&quot;:{&quot;unit&quot;:&quot;px&quot;,&quot;size&quot;:10,&quot;sizes&quot;:[]},&quot;gap_tablet&quot;:{&quot;unit&quot;:&quot;px&quot;,&quot;size&quot;:10,&quot;sizes&quot;:[]},&quot;gap_mobile&quot;:{&quot;unit&quot;:&quot;px&quot;,&quot;size&quot;:10,&quot;sizes&quot;:[]},&quot;link_to&quot;:&quot;file&quot;,&quot;overlay_background&quot;:&quot;yes&quot;,&quot;content_hover_animation&quot;:&quot;fade-in&quot;}\" data-widget_type=\"gallery.default\">\n\t\t\t\t<div class=\"elementor-widget-container\">\n\t\t\t\t\t\t\t<div class=\"elementor-gallery__container\">\n\t\t\t\t\t\t\t<a class=\"e-gallery-item elementor-gallery-item elementor-animated-content\" href=\"https:\/\/forster-unternehmensgruppe.de\/wp-content\/uploads\/2023\/09\/DSC00602.webp\" data-elementor-open-lightbox=\"yes\" data-elementor-lightbox-slideshow=\"f3e9334\" data-elementor-lightbox-title=\"DSC00602\" data-e-action-hash=\"#elementor-action%3Aaction%3Dlightbox%26settings%3DeyJpZCI6NjIyOCwidXJsIjoiaHR0cHM6XC9cL2ZvcnN0ZXItdW50ZXJuZWhtZW5zZ3J1cHBlLmRlXC93cC1jb250ZW50XC91cGxvYWRzXC8yMDIzXC8wOVwvRFNDMDA2MDIud2VicCIsInNsaWRlc2hvdyI6ImYzZTkzMzQifQ%3D%3D\">\n\t\t\t\t\t<div class=\"e-gallery-image elementor-gallery-item__image\" data-thumbnail=\"https:\/\/forster-unternehmensgruppe.de\/wp-content\/uploads\/2023\/09\/DSC00602.webp\" data-width=\"1900\" data-height=\"1267\" aria-label=\"Forster Unternehmensgruppe\" role=\"img\" ><\/div>\n\t\t\t\t\t\t\t\t\t\t\t<div class=\"elementor-gallery-item__overlay\"><\/div>\n\t\t\t\t\t\t\t\t\t\t\t\t\t\t<\/a>\n\t\t\t\t\t\t\t<a class=\"e-gallery-item elementor-gallery-item elementor-animated-content\" href=\"https:\/\/forster-unternehmensgruppe.de\/wp-content\/uploads\/2023\/09\/Holzfaserdaemmplattenwerk.webp\" data-elementor-open-lightbox=\"yes\" data-elementor-lightbox-slideshow=\"f3e9334\" data-elementor-lightbox-title=\"Holzfaserdaemmplattenwerk\" data-e-action-hash=\"#elementor-action%3Aaction%3Dlightbox%26settings%3DeyJpZCI6NjIyOSwidXJsIjoiaHR0cHM6XC9cL2ZvcnN0ZXItdW50ZXJuZWhtZW5zZ3J1cHBlLmRlXC93cC1jb250ZW50XC91cGxvYWRzXC8yMDIzXC8wOVwvSG9semZhc2VyZGFlbW1wbGF0dGVud2Vyay53ZWJwIiwic2xpZGVzaG93IjoiZjNlOTMzNCJ9\">\n\t\t\t\t\t<div class=\"e-gallery-image elementor-gallery-item__image\" data-thumbnail=\"https:\/\/forster-unternehmensgruppe.de\/wp-content\/uploads\/2023\/09\/Holzfaserdaemmplattenwerk.webp\" data-width=\"2048\" data-height=\"1536\" aria-label=\"Forster Unternehmensgruppe\" role=\"img\" ><\/div>\n\t\t\t\t\t\t\t\t\t\t\t<div class=\"elementor-gallery-item__overlay\"><\/div>\n\t\t\t\t\t\t\t\t\t\t\t\t\t\t<\/a>\n\t\t\t\t\t<\/div>\n\t\t\t\t\t<\/div>\n\t\t\t\t<\/div>\n\t\t\t\t\t<\/div>\n\t\t<\/div>\n\t\t\t\t\t<\/div>\n\t\t<\/section>\n\t\t\t\t<section class=\"elementor-section elementor-top-section elementor-element elementor-element-7a6ff56 elementor-section-boxed elementor-section-height-default elementor-section-height-default\" data-id=\"7a6ff56\" data-element_type=\"section\" data-e-type=\"section\">\n\t\t\t\t\t\t<div class=\"elementor-container elementor-column-gap-default\">\n\t\t\t\t\t<div class=\"elementor-column elementor-col-100 elementor-top-column elementor-element elementor-element-b190ae0\" data-id=\"b190ae0\" data-element_type=\"column\" data-e-type=\"column\">\n\t\t\t<div class=\"elementor-widget-wrap elementor-element-populated\">\n\t\t\t\t\t\t<div class=\"elementor-element elementor-element-906c84b elementor-widget elementor-widget-spacer\" data-id=\"906c84b\" data-element_type=\"widget\" data-e-type=\"widget\" data-widget_type=\"spacer.default\">\n\t\t\t\t<div class=\"elementor-widget-container\">\n\t\t\t\t\t\t\t<div class=\"elementor-spacer\">\n\t\t\t<div class=\"elementor-spacer-inner\"><\/div>\n\t\t<\/div>\n\t\t\t\t\t\t<\/div>\n\t\t\t\t<\/div>\n\t\t\t\t\t<\/div>\n\t\t<\/div>\n\t\t\t\t\t<\/div>\n\t\t<\/section>\n\t\t\t\t<\/div>\n\t\t","protected":false},"excerpt":{"rendered":"<p>Z\u00c1VOD NA V\u00ddROBU D\u0158EVOVL\u00c1KNIT\u00ddCH IZOLA\u010cN\u00cdCH DESEK<\/p>\n","protected":false},"author":5,"featured_media":7328,"comment_status":"closed","ping_status":"closed","sticky":false,"template":"","format":"standard","meta":{"_acf_changed":false,"footnotes":""},"categories":[69],"tags":[74],"class_list":["post-7482","post","type-post","status-publish","format-standard","has-post-thumbnail","hentry","category-projekty","tag-wood"],"acf":[],"yoast_head":"<!-- This site is optimized with the Yoast SEO plugin v27.5 - https:\/\/yoast.com\/product\/yoast-seo-wordpress\/ -->\n<title>Forster Unternehmensgruppe - Z\u00c1VOD NA V\u00ddROBU D\u0158EVOVL\u00c1KNIT\u00ddCH IZOLA\u010cN\u00cdCH DESEK<\/title>\n<meta name=\"description\" content=\"Forster Unternehmensgruppe - Z\u00c1VOD NA V\u00ddROBU D\u0158EVOVL\u00c1KNIT\u00ddCH IZOLA\u010cN\u00cdCH DESEK\" \/>\n<meta name=\"robots\" content=\"index, follow, max-snippet:-1, max-image-preview:large, max-video-preview:-1\" \/>\n<link rel=\"canonical\" href=\"https:\/\/forster-unternehmensgruppe.de\/cs\/zavod-na-vyrobu-drevovlaknitych-izolacnich-desek\/\" \/>\n<meta property=\"og:locale\" content=\"cs_CZ\" \/>\n<meta property=\"og:type\" content=\"article\" \/>\n<meta property=\"og:title\" content=\"Forster Unternehmensgruppe - Z\u00c1VOD NA V\u00ddROBU D\u0158EVOVL\u00c1KNIT\u00ddCH IZOLA\u010cN\u00cdCH DESEK\" \/>\n<meta property=\"og:description\" content=\"Forster Unternehmensgruppe - Z\u00c1VOD NA V\u00ddROBU D\u0158EVOVL\u00c1KNIT\u00ddCH IZOLA\u010cN\u00cdCH DESEK\" \/>\n<meta property=\"og:url\" content=\"https:\/\/forster-unternehmensgruppe.de\/cs\/zavod-na-vyrobu-drevovlaknitych-izolacnich-desek\/\" \/>\n<meta property=\"og:site_name\" content=\"Forster Unternehmensgruppe\" \/>\n<meta property=\"article:publisher\" content=\"https:\/\/www.facebook.com\/forsterhallenbau\" \/>\n<meta property=\"article:published_time\" content=\"2023-09-22T07:41:58+00:00\" \/>\n<meta property=\"article:modified_time\" content=\"2024-11-15T13:22:30+00:00\" \/>\n<meta property=\"og:image\" content=\"https:\/\/forster-unternehmensgruppe.de\/wp-content\/uploads\/2023\/09\/Holzfaserdaemmplattenwerk.webp\" \/>\n\t<meta property=\"og:image:width\" content=\"2048\" \/>\n\t<meta property=\"og:image:height\" content=\"1536\" \/>\n\t<meta property=\"og:image:type\" content=\"image\/webp\" \/>\n<meta name=\"author\" content=\"admix2\" \/>\n<meta name=\"twitter:card\" content=\"summary_large_image\" \/>\n<meta name=\"twitter:label1\" content=\"Napsal(a)\" \/>\n\t<meta name=\"twitter:data1\" content=\"admix2\" \/>\n<script type=\"application\/ld+json\" class=\"yoast-schema-graph\">{\"@context\":\"https:\\\/\\\/schema.org\",\"@graph\":[{\"@type\":\"Article\",\"@id\":\"https:\\\/\\\/forster-unternehmensgruppe.de\\\/cs\\\/zavod-na-vyrobu-drevovlaknitych-izolacnich-desek\\\/#article\",\"isPartOf\":{\"@id\":\"https:\\\/\\\/forster-unternehmensgruppe.de\\\/cs\\\/zavod-na-vyrobu-drevovlaknitych-izolacnich-desek\\\/\"},\"author\":{\"name\":\"admix2\",\"@id\":\"https:\\\/\\\/forster-unternehmensgruppe.de\\\/cs\\\/#\\\/schema\\\/person\\\/b40b1727c42b16c103818ee652e45094\"},\"headline\":\"Z\u00c1VOD NA V\u00ddROBU D\u0158EVOVL\u00c1KNIT\u00ddCH IZOLA\u010cN\u00cdCH DESEK\",\"datePublished\":\"2023-09-22T07:41:58+00:00\",\"dateModified\":\"2024-11-15T13:22:30+00:00\",\"mainEntityOfPage\":{\"@id\":\"https:\\\/\\\/forster-unternehmensgruppe.de\\\/cs\\\/zavod-na-vyrobu-drevovlaknitych-izolacnich-desek\\\/\"},\"wordCount\":26,\"publisher\":{\"@id\":\"https:\\\/\\\/forster-unternehmensgruppe.de\\\/cs\\\/#organization\"},\"image\":{\"@id\":\"https:\\\/\\\/forster-unternehmensgruppe.de\\\/cs\\\/zavod-na-vyrobu-drevovlaknitych-izolacnich-desek\\\/#primaryimage\"},\"thumbnailUrl\":\"https:\\\/\\\/forster-unternehmensgruppe.de\\\/wp-content\\\/uploads\\\/2023\\\/09\\\/Holzfaserdaemmplattenwerk.webp\",\"keywords\":[\"WOOD\"],\"articleSection\":[\"Projekty\"],\"inLanguage\":\"cs\"},{\"@type\":\"WebPage\",\"@id\":\"https:\\\/\\\/forster-unternehmensgruppe.de\\\/cs\\\/zavod-na-vyrobu-drevovlaknitych-izolacnich-desek\\\/\",\"url\":\"https:\\\/\\\/forster-unternehmensgruppe.de\\\/cs\\\/zavod-na-vyrobu-drevovlaknitych-izolacnich-desek\\\/\",\"name\":\"Forster Unternehmensgruppe - Z\u00c1VOD NA V\u00ddROBU D\u0158EVOVL\u00c1KNIT\u00ddCH IZOLA\u010cN\u00cdCH DESEK\",\"isPartOf\":{\"@id\":\"https:\\\/\\\/forster-unternehmensgruppe.de\\\/cs\\\/#website\"},\"primaryImageOfPage\":{\"@id\":\"https:\\\/\\\/forster-unternehmensgruppe.de\\\/cs\\\/zavod-na-vyrobu-drevovlaknitych-izolacnich-desek\\\/#primaryimage\"},\"image\":{\"@id\":\"https:\\\/\\\/forster-unternehmensgruppe.de\\\/cs\\\/zavod-na-vyrobu-drevovlaknitych-izolacnich-desek\\\/#primaryimage\"},\"thumbnailUrl\":\"https:\\\/\\\/forster-unternehmensgruppe.de\\\/wp-content\\\/uploads\\\/2023\\\/09\\\/Holzfaserdaemmplattenwerk.webp\",\"datePublished\":\"2023-09-22T07:41:58+00:00\",\"dateModified\":\"2024-11-15T13:22:30+00:00\",\"description\":\"Forster Unternehmensgruppe - Z\u00c1VOD NA V\u00ddROBU D\u0158EVOVL\u00c1KNIT\u00ddCH IZOLA\u010cN\u00cdCH DESEK\",\"breadcrumb\":{\"@id\":\"https:\\\/\\\/forster-unternehmensgruppe.de\\\/cs\\\/zavod-na-vyrobu-drevovlaknitych-izolacnich-desek\\\/#breadcrumb\"},\"inLanguage\":\"cs\",\"potentialAction\":[{\"@type\":\"ReadAction\",\"target\":[\"https:\\\/\\\/forster-unternehmensgruppe.de\\\/cs\\\/zavod-na-vyrobu-drevovlaknitych-izolacnich-desek\\\/\"]}]},{\"@type\":\"ImageObject\",\"inLanguage\":\"cs\",\"@id\":\"https:\\\/\\\/forster-unternehmensgruppe.de\\\/cs\\\/zavod-na-vyrobu-drevovlaknitych-izolacnich-desek\\\/#primaryimage\",\"url\":\"https:\\\/\\\/forster-unternehmensgruppe.de\\\/wp-content\\\/uploads\\\/2023\\\/09\\\/Holzfaserdaemmplattenwerk.webp\",\"contentUrl\":\"https:\\\/\\\/forster-unternehmensgruppe.de\\\/wp-content\\\/uploads\\\/2023\\\/09\\\/Holzfaserdaemmplattenwerk.webp\",\"width\":2048,\"height\":1536},{\"@type\":\"BreadcrumbList\",\"@id\":\"https:\\\/\\\/forster-unternehmensgruppe.de\\\/cs\\\/zavod-na-vyrobu-drevovlaknitych-izolacnich-desek\\\/#breadcrumb\",\"itemListElement\":[{\"@type\":\"ListItem\",\"position\":1,\"name\":\"Startseite\",\"item\":\"https:\\\/\\\/forster-unternehmensgruppe.de\\\/cs\\\/\"},{\"@type\":\"ListItem\",\"position\":2,\"name\":\"Z\u00c1VOD NA V\u00ddROBU D\u0158EVOVL\u00c1KNIT\u00ddCH IZOLA\u010cN\u00cdCH DESEK\"}]},{\"@type\":\"WebSite\",\"@id\":\"https:\\\/\\\/forster-unternehmensgruppe.de\\\/cs\\\/#website\",\"url\":\"https:\\\/\\\/forster-unternehmensgruppe.de\\\/cs\\\/\",\"name\":\"Forster Unternehmensgruppe\",\"description\":\"verstehen. denken. bauen\",\"publisher\":{\"@id\":\"https:\\\/\\\/forster-unternehmensgruppe.de\\\/cs\\\/#organization\"},\"potentialAction\":[{\"@type\":\"SearchAction\",\"target\":{\"@type\":\"EntryPoint\",\"urlTemplate\":\"https:\\\/\\\/forster-unternehmensgruppe.de\\\/cs\\\/?s={search_term_string}\"},\"query-input\":{\"@type\":\"PropertyValueSpecification\",\"valueRequired\":true,\"valueName\":\"search_term_string\"}}],\"inLanguage\":\"cs\"},{\"@type\":\"Organization\",\"@id\":\"https:\\\/\\\/forster-unternehmensgruppe.de\\\/cs\\\/#organization\",\"name\":\"Forster Unternehmensgruppe\",\"url\":\"https:\\\/\\\/forster-unternehmensgruppe.de\\\/cs\\\/\",\"logo\":{\"@type\":\"ImageObject\",\"inLanguage\":\"cs\",\"@id\":\"https:\\\/\\\/forster-unternehmensgruppe.de\\\/cs\\\/#\\\/schema\\\/logo\\\/image\\\/\",\"url\":\"https:\\\/\\\/forster-unternehmensgruppe.de\\\/wp-content\\\/uploads\\\/2023\\\/10\\\/Forster_Logo_UG-2.webp\",\"contentUrl\":\"https:\\\/\\\/forster-unternehmensgruppe.de\\\/wp-content\\\/uploads\\\/2023\\\/10\\\/Forster_Logo_UG-2.webp\",\"width\":260,\"height\":121,\"caption\":\"Forster Unternehmensgruppe\"},\"image\":{\"@id\":\"https:\\\/\\\/forster-unternehmensgruppe.de\\\/cs\\\/#\\\/schema\\\/logo\\\/image\\\/\"},\"sameAs\":[\"https:\\\/\\\/www.facebook.com\\\/forsterhallenbau\",\"https:\\\/\\\/www.youtube.com\\\/channel\\\/UCRV6gkhOjNA4PUESdI_lQbQ\",\"https:\\\/\\\/www.instagram.com\\\/forsterunternehmensgruppe\\\/\",\"https:\\\/\\\/de.linkedin.com\\\/company\\\/forster-unternehmensgruppe?trk=public_post_feed-actor-name\"]},{\"@type\":\"Person\",\"@id\":\"https:\\\/\\\/forster-unternehmensgruppe.de\\\/cs\\\/#\\\/schema\\\/person\\\/b40b1727c42b16c103818ee652e45094\",\"name\":\"admix2\",\"url\":\"https:\\\/\\\/forster-unternehmensgruppe.de\\\/cs\\\/author\\\/admix2\\\/\"}]}<\/script>\n<!-- \/ Yoast SEO plugin. -->","yoast_head_json":{"title":"Forster Unternehmensgruppe - Z\u00c1VOD NA V\u00ddROBU D\u0158EVOVL\u00c1KNIT\u00ddCH IZOLA\u010cN\u00cdCH DESEK","description":"Forster Unternehmensgruppe - Z\u00c1VOD NA V\u00ddROBU D\u0158EVOVL\u00c1KNIT\u00ddCH IZOLA\u010cN\u00cdCH DESEK","robots":{"index":"index","follow":"follow","max-snippet":"max-snippet:-1","max-image-preview":"max-image-preview:large","max-video-preview":"max-video-preview:-1"},"canonical":"https:\/\/forster-unternehmensgruppe.de\/cs\/zavod-na-vyrobu-drevovlaknitych-izolacnich-desek\/","og_locale":"cs_CZ","og_type":"article","og_title":"Forster Unternehmensgruppe - Z\u00c1VOD NA V\u00ddROBU D\u0158EVOVL\u00c1KNIT\u00ddCH IZOLA\u010cN\u00cdCH DESEK","og_description":"Forster Unternehmensgruppe - Z\u00c1VOD NA V\u00ddROBU D\u0158EVOVL\u00c1KNIT\u00ddCH IZOLA\u010cN\u00cdCH DESEK","og_url":"https:\/\/forster-unternehmensgruppe.de\/cs\/zavod-na-vyrobu-drevovlaknitych-izolacnich-desek\/","og_site_name":"Forster Unternehmensgruppe","article_publisher":"https:\/\/www.facebook.com\/forsterhallenbau","article_published_time":"2023-09-22T07:41:58+00:00","article_modified_time":"2024-11-15T13:22:30+00:00","og_image":[{"width":2048,"height":1536,"url":"https:\/\/forster-unternehmensgruppe.de\/wp-content\/uploads\/2023\/09\/Holzfaserdaemmplattenwerk.webp","type":"image\/webp"}],"author":"admix2","twitter_card":"summary_large_image","twitter_misc":{"Napsal(a)":"admix2"},"schema":{"@context":"https:\/\/schema.org","@graph":[{"@type":"Article","@id":"https:\/\/forster-unternehmensgruppe.de\/cs\/zavod-na-vyrobu-drevovlaknitych-izolacnich-desek\/#article","isPartOf":{"@id":"https:\/\/forster-unternehmensgruppe.de\/cs\/zavod-na-vyrobu-drevovlaknitych-izolacnich-desek\/"},"author":{"name":"admix2","@id":"https:\/\/forster-unternehmensgruppe.de\/cs\/#\/schema\/person\/b40b1727c42b16c103818ee652e45094"},"headline":"Z\u00c1VOD NA V\u00ddROBU D\u0158EVOVL\u00c1KNIT\u00ddCH IZOLA\u010cN\u00cdCH DESEK","datePublished":"2023-09-22T07:41:58+00:00","dateModified":"2024-11-15T13:22:30+00:00","mainEntityOfPage":{"@id":"https:\/\/forster-unternehmensgruppe.de\/cs\/zavod-na-vyrobu-drevovlaknitych-izolacnich-desek\/"},"wordCount":26,"publisher":{"@id":"https:\/\/forster-unternehmensgruppe.de\/cs\/#organization"},"image":{"@id":"https:\/\/forster-unternehmensgruppe.de\/cs\/zavod-na-vyrobu-drevovlaknitych-izolacnich-desek\/#primaryimage"},"thumbnailUrl":"https:\/\/forster-unternehmensgruppe.de\/wp-content\/uploads\/2023\/09\/Holzfaserdaemmplattenwerk.webp","keywords":["WOOD"],"articleSection":["Projekty"],"inLanguage":"cs"},{"@type":"WebPage","@id":"https:\/\/forster-unternehmensgruppe.de\/cs\/zavod-na-vyrobu-drevovlaknitych-izolacnich-desek\/","url":"https:\/\/forster-unternehmensgruppe.de\/cs\/zavod-na-vyrobu-drevovlaknitych-izolacnich-desek\/","name":"Forster Unternehmensgruppe - Z\u00c1VOD NA V\u00ddROBU D\u0158EVOVL\u00c1KNIT\u00ddCH IZOLA\u010cN\u00cdCH DESEK","isPartOf":{"@id":"https:\/\/forster-unternehmensgruppe.de\/cs\/#website"},"primaryImageOfPage":{"@id":"https:\/\/forster-unternehmensgruppe.de\/cs\/zavod-na-vyrobu-drevovlaknitych-izolacnich-desek\/#primaryimage"},"image":{"@id":"https:\/\/forster-unternehmensgruppe.de\/cs\/zavod-na-vyrobu-drevovlaknitych-izolacnich-desek\/#primaryimage"},"thumbnailUrl":"https:\/\/forster-unternehmensgruppe.de\/wp-content\/uploads\/2023\/09\/Holzfaserdaemmplattenwerk.webp","datePublished":"2023-09-22T07:41:58+00:00","dateModified":"2024-11-15T13:22:30+00:00","description":"Forster Unternehmensgruppe - Z\u00c1VOD NA V\u00ddROBU D\u0158EVOVL\u00c1KNIT\u00ddCH IZOLA\u010cN\u00cdCH DESEK","breadcrumb":{"@id":"https:\/\/forster-unternehmensgruppe.de\/cs\/zavod-na-vyrobu-drevovlaknitych-izolacnich-desek\/#breadcrumb"},"inLanguage":"cs","potentialAction":[{"@type":"ReadAction","target":["https:\/\/forster-unternehmensgruppe.de\/cs\/zavod-na-vyrobu-drevovlaknitych-izolacnich-desek\/"]}]},{"@type":"ImageObject","inLanguage":"cs","@id":"https:\/\/forster-unternehmensgruppe.de\/cs\/zavod-na-vyrobu-drevovlaknitych-izolacnich-desek\/#primaryimage","url":"https:\/\/forster-unternehmensgruppe.de\/wp-content\/uploads\/2023\/09\/Holzfaserdaemmplattenwerk.webp","contentUrl":"https:\/\/forster-unternehmensgruppe.de\/wp-content\/uploads\/2023\/09\/Holzfaserdaemmplattenwerk.webp","width":2048,"height":1536},{"@type":"BreadcrumbList","@id":"https:\/\/forster-unternehmensgruppe.de\/cs\/zavod-na-vyrobu-drevovlaknitych-izolacnich-desek\/#breadcrumb","itemListElement":[{"@type":"ListItem","position":1,"name":"Startseite","item":"https:\/\/forster-unternehmensgruppe.de\/cs\/"},{"@type":"ListItem","position":2,"name":"Z\u00c1VOD NA V\u00ddROBU D\u0158EVOVL\u00c1KNIT\u00ddCH IZOLA\u010cN\u00cdCH DESEK"}]},{"@type":"WebSite","@id":"https:\/\/forster-unternehmensgruppe.de\/cs\/#website","url":"https:\/\/forster-unternehmensgruppe.de\/cs\/","name":"Forster Unternehmensgruppe","description":"verstehen. denken. bauen","publisher":{"@id":"https:\/\/forster-unternehmensgruppe.de\/cs\/#organization"},"potentialAction":[{"@type":"SearchAction","target":{"@type":"EntryPoint","urlTemplate":"https:\/\/forster-unternehmensgruppe.de\/cs\/?s={search_term_string}"},"query-input":{"@type":"PropertyValueSpecification","valueRequired":true,"valueName":"search_term_string"}}],"inLanguage":"cs"},{"@type":"Organization","@id":"https:\/\/forster-unternehmensgruppe.de\/cs\/#organization","name":"Forster Unternehmensgruppe","url":"https:\/\/forster-unternehmensgruppe.de\/cs\/","logo":{"@type":"ImageObject","inLanguage":"cs","@id":"https:\/\/forster-unternehmensgruppe.de\/cs\/#\/schema\/logo\/image\/","url":"https:\/\/forster-unternehmensgruppe.de\/wp-content\/uploads\/2023\/10\/Forster_Logo_UG-2.webp","contentUrl":"https:\/\/forster-unternehmensgruppe.de\/wp-content\/uploads\/2023\/10\/Forster_Logo_UG-2.webp","width":260,"height":121,"caption":"Forster Unternehmensgruppe"},"image":{"@id":"https:\/\/forster-unternehmensgruppe.de\/cs\/#\/schema\/logo\/image\/"},"sameAs":["https:\/\/www.facebook.com\/forsterhallenbau","https:\/\/www.youtube.com\/channel\/UCRV6gkhOjNA4PUESdI_lQbQ","https:\/\/www.instagram.com\/forsterunternehmensgruppe\/","https:\/\/de.linkedin.com\/company\/forster-unternehmensgruppe?trk=public_post_feed-actor-name"]},{"@type":"Person","@id":"https:\/\/forster-unternehmensgruppe.de\/cs\/#\/schema\/person\/b40b1727c42b16c103818ee652e45094","name":"admix2","url":"https:\/\/forster-unternehmensgruppe.de\/cs\/author\/admix2\/"}]}},"_links":{"self":[{"href":"https:\/\/forster-unternehmensgruppe.de\/cs\/wp-json\/wp\/v2\/posts\/7482","targetHints":{"allow":["GET"]}}],"collection":[{"href":"https:\/\/forster-unternehmensgruppe.de\/cs\/wp-json\/wp\/v2\/posts"}],"about":[{"href":"https:\/\/forster-unternehmensgruppe.de\/cs\/wp-json\/wp\/v2\/types\/post"}],"author":[{"embeddable":true,"href":"https:\/\/forster-unternehmensgruppe.de\/cs\/wp-json\/wp\/v2\/users\/5"}],"replies":[{"embeddable":true,"href":"https:\/\/forster-unternehmensgruppe.de\/cs\/wp-json\/wp\/v2\/comments?post=7482"}],"version-history":[{"count":0,"href":"https:\/\/forster-unternehmensgruppe.de\/cs\/wp-json\/wp\/v2\/posts\/7482\/revisions"}],"wp:featuredmedia":[{"embeddable":true,"href":"https:\/\/forster-unternehmensgruppe.de\/cs\/wp-json\/wp\/v2\/media\/7328"}],"wp:attachment":[{"href":"https:\/\/forster-unternehmensgruppe.de\/cs\/wp-json\/wp\/v2\/media?parent=7482"}],"wp:term":[{"taxonomy":"category","embeddable":true,"href":"https:\/\/forster-unternehmensgruppe.de\/cs\/wp-json\/wp\/v2\/categories?post=7482"},{"taxonomy":"post_tag","embeddable":true,"href":"https:\/\/forster-unternehmensgruppe.de\/cs\/wp-json\/wp\/v2\/tags?post=7482"}],"curies":[{"name":"wp","href":"https:\/\/api.w.org\/{rel}","templated":true}]}}